{"id":22,"date":"2013-04-22T10:56:23","date_gmt":"2013-04-22T07:56:23","guid":{"rendered":"https:\/\/gurgeli.com\/?p=22"},"modified":"2013-04-22T10:56:23","modified_gmt":"2013-04-22T07:56:23","slug":"sadik-kanber-vefat-etti","status":"publish","type":"post","link":"https:\/\/gurgeli.com\/index.php\/2013\/04\/22\/sadik-kanber-vefat-etti\/","title":{"rendered":"Sad\u0131k KANBER vefat etti."},"content":{"rendered":"<p>Mamey gillerden Sad\u0131k KANBER vefat etmi\u015ftir. Cenazesi 22.04.2013 \u00f6\u011flen 13:00&#8217;de \u0130\u00e7erenk\u00f6y Cemevi&#8217;nden G\u00fcrge&#8217;ye g\u00f6nderilecektir.<\/p>\n<p>Allahtan rahmet , yak\u0131nlar\u0131na ba\u015fsa\u011fl\u0131\u011f\u0131 dileriz.<\/p>\n<p>Haber Kayna\u011f\u0131 : G\u00fcrge K\u00f6y\u00fc Derne\u011fi<\/p>\n","protected":false},"excerpt":{"rendered":"<p>Mamey gillerden Sad\u0131k KANBER vefat etmi\u015ftir. Cenazesi 22.04.2013 \u00f6\u011flen 13:00&#8217;de \u0130\u00e7erenk\u00f6y Cemevi&#8217;nden G\u00fcrge&#8217;ye g\u00f6nderilecektir. Allahtan rahmet , yak\u0131nlar\u0131na ba\u015fsa\u011fl\u0131\u011f\u0131 dileriz. Haber Kayna\u011f\u0131 : G\u00fcrge K\u00f6y\u00fc Derne\u011fi<\/p>\n","protected":false},"author":1,"featured_media":0,"comment_status":"open","ping_status":"open","sticky":false,"template":"","format":"standard","meta":{"spay_email":"","jetpack_publicize_message":"","jetpack_is_tweetstorm":false,"jetpack_publicize_feature_enabled":true},"categories":[16],"tags":[18,17,19],"jetpack_featured_media_url":"","jetpack_publicize_connections":[],"jetpack_sharing_enabled":true,"jetpack_shortlink":"https:\/\/wp.me\/p3vlXD-m","_links":{"self":[{"href":"https:\/\/gurgeli.com\/index.php\/wp-json\/wp\/v2\/posts\/22"}],"collection":[{"href":"https:\/\/gurgeli.com\/index.php\/wp-json\/wp\/v2\/posts"}],"about":[{"href":"https:\/\/gurgeli.com\/index.php\/wp-json\/wp\/v2\/types\/post"}],"author":[{"embeddable":true,"href":"https:\/\/gurgeli.com\/index.php\/wp-json\/wp\/v2\/users\/1"}],"replies":[{"embeddable":true,"href":"https:\/\/gurgeli.com\/index.php\/wp-json\/wp\/v2\/comments?post=22"}],"version-history":[{"count":1,"href":"https:\/\/gurgeli.com\/index.php\/wp-json\/wp\/v2\/posts\/22\/revisions"}],"predecessor-version":[{"id":23,"href":"https:\/\/gurgeli.com\/index.php\/wp-json\/wp\/v2\/posts\/22\/revisions\/23"}],"wp:attachment":[{"href":"https:\/\/gurgeli.com\/index.php\/wp-json\/wp\/v2\/media?parent=22"}],"wp:term":[{"taxonomy":"category","embeddable":true,"href":"https:\/\/gurgeli.com\/index.php\/wp-json\/wp\/v2\/categories?post=22"},{"taxonomy":"post_tag","embeddable":true,"href":"https:\/\/gurgeli.com\/index.php\/wp-json\/wp\/v2\/tags?post=22"}],"curies":[{"name":"wp","href":"https:\/\/api.w.org\/{rel}","templated":true}]}}